{"id":21647,"date":"2021-12-16T08:30:00","date_gmt":"2021-12-16T08:30:00","guid":{"rendered":"https:\/\/blog.busuu.com\/?p=21647"},"modified":"2023-11-06T09:54:13","modified_gmt":"2023-11-06T09:54:13","slug":"spanische-konjugation","status":"publish","type":"post","link":"https:\/\/blog.busuu.com\/de\/spanische-konjugation\/","title":{"rendered":"Top 30 spanische Verben (mit Verbtabellen &#038; Beispielen)"},"content":{"rendered":"\n<p>Du hast Lust, die spanischen Verben zu lernen, um endlich vollst\u00e4ndige S\u00e4tze zu bilden? Doch gleichzeitig hast du Bammel vor der <a href=\"https:\/\/www.busuu.com\/de\/course\/online-spanisch-lernen\">spanischen<\/a> Grammatik  Das k\u00f6nnen wir gut nachvollziehen. Schlie\u00dflich hat niemand jemals behauptet, Sprachenlernen sei einfach. Doch keine Angst! Mit etwas \u00dcbung hast auch du die spanischen Verben bald drauf.&nbsp;<\/p>\n\n\n\n<p>Heute zeigen wir dir mit \u00fcbersichtlichen Tabellen und jeder Menge Beispiele 30 der gebr\u00e4uchlichsten Verben im Spanischen.<em> \u00a1Vamos!<\/em><\/p>\n\n\n\n<h2 class=\"wp-block-heading\">Deine Liste der 30 gebr\u00e4uchlichsten Verben auf Spanisch<\/h2>\n\n\n\n<p>Hier findest du eine Konjugations\u00fcbersicht gebr\u00e4uchlicher spanischer Verben im Pr\u00e4sens, jeweils gefolgt von Beispiels\u00e4tzen. Wenn du Spanischsprachigen zuh\u00f6rst oder spanische Filme und TV-Serien mitverfolgst, werden dir diese bestimmt immer wieder auffallen.<\/p>\n\n\n\n<ul>\n<li><em><a href=\"#aprender\">aprender<\/a><\/em><\/li>\n\n\n\n<li><em><a href=\"#beber\">beber<\/a><\/em><\/li>\n\n\n\n<li><em><a href=\"#comer\">comer<\/a><\/em><\/li>\n\n\n\n<li><em><a href=\"#comprar\">comprar<\/a><\/em><\/li>\n\n\n\n<li><em><a href=\"#conocer\">conocer<\/a><\/em><\/li>\n\n\n\n<li><em><a href=\"#dar\">dar<\/a><\/em><\/li>\n\n\n\n<li><em><a href=\"#empezar\">empezar<\/a><\/em><\/li>\n\n\n\n<li><em><a href=\"#encontrar\">encontrar<\/a><\/em><\/li>\n\n\n\n<li><em><a href=\"#entender\">entender<\/a><\/em><\/li>\n\n\n\n<li><em><a href=\"#estar\">estar<\/a><\/em><\/li>\n\n\n\n<li><em><a href=\"#gustar\">gustar<\/a><\/em><\/li>\n\n\n\n<li><em><a href=\"#haber\">haber<\/a><\/em><\/li>\n\n\n\n<li><em><a href=\"#hablar\">hablar<\/a><\/em><\/li>\n\n\n\n<li><em><a href=\"#hacer\">hacer<\/a><\/em><\/li>\n\n\n\n<li><em><a href=\"#ir\">ir<\/a><\/em><\/li>\n\n\n\n<li><em><a href=\"#jugar\">jugar<\/a><\/em><\/li>\n\n\n\n<li><em><a href=\"#leer\">leer<\/a><\/em><\/li>\n\n\n\n<li><em><a href=\"#levantarse\">levantarse<\/a><\/em><\/li>\n\n\n\n<li><em><a href=\"#pensar\">pensar<\/a><\/em><\/li>\n\n\n\n<li><em><a href=\"#poder\">poder<\/a><\/em><\/li>\n\n\n\n<li><em><a href=\"#poner\">poner<\/a><\/em><\/li>\n\n\n\n<li><em><a href=\"#preferir\">preferir<\/a><\/em><\/li>\n\n\n\n<li><em><a href=\"#quedar\">quedarse<\/a><\/em><\/li>\n\n\n\n<li><em><a href=\"#saber\">saber<\/a><\/em><\/li>\n\n\n\n<li><em><a href=\"#salir\">salir<\/a><\/em><\/li>\n\n\n\n<li><em><a href=\"#ser\">ser<\/a><\/em><\/li>\n\n\n\n<li><em><a href=\"#tener\">tener<\/a><\/em><\/li>\n\n\n\n<li><em><a href=\"#venir\">venir<\/a><\/em><\/li>\n\n\n\n<li><em><a href=\"#ver\">ver<\/a><\/em><\/li>\n\n\n\n<li><em><a href=\"#vivir\">vivir<\/a><\/em><\/li>\n<\/ul>\n\n\n\n<h3 class=\"wp-block-heading\" id=\"aprender\"><em>aprender<\/em> (lernen)<\/h3>\n\n\n\n<figure class=\"wp-block-table\"><table><tbody><tr><td><strong>Deutsch:<\/strong><\/td><td><strong>Spanisch<\/strong>:<\/td><\/tr><tr><td>ich lerne<\/td><td><em>(yo) aprendo<\/em><\/td><\/tr><tr><td>du lernst<\/td><td><em>(t\u00fa) aprendes<\/em><\/td><\/tr><tr><td>er\/sie\/es lernt; Sie (H\u00f6flichkeitsform) lernen<\/td><td><em>(\u00e9l\/ella\/Usted) aprende<\/em><\/td><\/tr><tr><td>wir lernen<\/td><td><em>(nosotros\/nosotras) aprendemos<\/em><\/td><\/tr><tr><td>ihr lernt<\/td><td><em>(vosotros\/vosotras) aprend\u00e9is<\/em><\/td><\/tr><tr><td>sie lernen<\/td><td><em>(ellos\/ellas\/Uds.) aprenden<\/em><\/td><\/tr><\/tbody><\/table><\/figure>\n\n\n\n<p><em>*nosotros\/vosotros ist jeweils in der m\u00e4nnlichen Form. Im Spanischen ist die maskuline Form der generische Plural, daher k\u00f6nnen wir den weiblichen Plural nur verwenden, wenn es sich ausschlie\u00dflich um eine Gruppe weiblicher Personen handelt. Die weibliche Form lautet nosotr<\/em><strong><em>a<\/em><\/strong><em>s bzw. vosotr<\/em><strong><em>a<\/em><\/strong><em>s.<\/em><\/p>\n\n\n\n<p class=\"has-pale-cyan-blue-background-color has-background\"><strong>Bitte beachte<\/strong>: W\u00e4hrend im Deutschen die Personalpronomen (ich, du, er etc.) immer in Kombination mit Verben verwendet werden, ist es im Spanischen nicht \u00fcblich. Das bedeutet, du das Verb einfach mit der jeweiligen Endung (z. B. \u201eaprend<strong>o<\/strong>\u201c) verwenden kannst und damit auch gleich ausdr\u00fcckst, wer etwas tut (\u201eyo\u201c, also <em>ich<\/em>).<\/p>\n\n\n\n<p id=\"beber\">Beispiel:<\/p>\n\n\n\n<p><em>Quiero aprender espa\u00f1ol.<\/em><\/p>\n\n\n\n<p>Ich m\u00f6chte Spanisch lernen.<\/p>\n\n\n\n<h3 class=\"wp-block-heading\"><em>beber<\/em> (trinken)<\/h3>\n\n\n\n<figure class=\"wp-block-table\"><table><tbody><tr><td><strong>Deutsch:<\/strong><\/td><td><strong>Spanisch<\/strong>:<\/td><\/tr><tr><td>ich trinke<\/td><td><em>(yo) bebo<\/em><\/td><\/tr><tr><td>du trinkst<\/td><td><em>(t\u00fa) bebes<\/em><\/td><\/tr><tr><td>er\/sie\/es trinkt; Sie trinken<\/td><td><em>(\u00e9l\/ella\/Usted) bebe<\/em>&nbsp;<\/td><\/tr><tr><td>wir trinken<\/td><td><em>(nosotros\/nosotras) bebemos<\/em><\/td><\/tr><tr><td>ihr trinkt<\/td><td><em>(vosotros\/vosotras) beb\u00e9is<\/em><\/td><\/tr><tr><td>sie trinken<\/td><td><em>(ellos\/ellas\/Uds.) beben<\/em><\/td><\/tr><\/tbody><\/table><\/figure>\n\n\n\n<p id=\"comer\">Beispiel:<\/p>\n\n\n\n<p><em>\u00bfQu\u00e9 quiere de beber?<\/em><\/p>\n\n\n\n<p>Was m\u00f6chten Sie trinken?<\/p>\n\n\n\n<h3 class=\"wp-block-heading\"><em>comer<\/em> (essen)<\/h3>\n\n\n\n<figure class=\"wp-block-table\"><table><tbody><tr><td><strong>Deutsch:<\/strong><\/td><td><strong>Spanisch<\/strong>:<\/td><\/tr><tr><td>ich esse<\/td><td><em>(yo) como<\/em><\/td><\/tr><tr><td>du isst<\/td><td><em>(t\u00fa) comes<\/em><\/td><\/tr><tr><td>er\/sie\/es isst; Sie essen<\/td><td><em>(\u00e9l\/ella\/Usted) come<\/em>&nbsp;<\/td><\/tr><tr><td>wir essen<\/td><td><em>(nosotros\/nosotras) comemos<\/em><\/td><\/tr><tr><td>ihr esst<\/td><td><em>(vosotros\/vosotras) com\u00e9is<\/em><\/td><\/tr><tr><td>sie essen<\/td><td><em>(ellos\/ellas\/Uds.) comen<\/em><\/td><\/tr><\/tbody><\/table><\/figure>\n\n\n\n<p id=\"comprar\">Beispiel:<\/p>\n\n\n\n<p><em>Me gustar\u00eda comer algo.<\/em><\/p>\n\n\n\n<p>Ich w\u00fcrde (gerne) etwas essen.<\/p>\n\n\n\n<h3 class=\"wp-block-heading\"><em>comprar <\/em>(kaufen)<\/h3>\n\n\n\n<figure class=\"wp-block-table\"><table><tbody><tr><td><strong>Deutsch:<\/strong><\/td><td><strong>Spanisch<\/strong>:<\/td><\/tr><tr><td>ich kaufe<\/td><td><em>(yo) compro<\/em><\/td><\/tr><tr><td>du kaufst<\/td><td><em>(t\u00fa) compras<\/em><\/td><\/tr><tr><td>er\/sie\/es kauft; Sie kaufen<\/td><td><em>(\u00e9l\/ella\/Usted) compra&nbsp;<\/em><\/td><\/tr><tr><td>wir kaufen<\/td><td><em>(nosotros\/nosotras) compramos<\/em><\/td><\/tr><tr><td>ihr kauft<\/td><td><em>(vosotros\/vosotras) compr\u00e1is<\/em><\/td><\/tr><tr><td>sie kaufen<\/td><td><em>(ellos\/ellas\/Uds.) compran<\/em><\/td><\/tr><\/tbody><\/table><\/figure>\n\n\n\n<p id=\"conocer\">Beispiel:<\/p>\n\n\n\n<p><em>\u00bfQu\u00e9 vas a comprar hoy en el supermercado?<\/em><\/p>\n\n\n\n<p>Was kaufst du heute im Supermarkt?<\/p>\n\n\n\n<h3 class=\"wp-block-heading\"><em>conocer<\/em> (kennen)<\/h3>\n\n\n\n<figure class=\"wp-block-table\"><table><tbody><tr><td><strong>Deutsch:<\/strong><\/td><td><strong>Spanisch<\/strong>:<\/td><\/tr><tr><td>ich kenne<\/td><td><em>(yo) conozco<\/em><\/td><\/tr><tr><td>du kennst<\/td><td><em>(t\u00fa) conoces<\/em><\/td><\/tr><tr><td>er\/sie\/es kennt; Sie kennen<\/td><td><em>(\u00e9l\/ella\/Usted) conoce&nbsp;<\/em><\/td><\/tr><tr><td>wir kennen<\/td><td><em>(nosotros\/nosotras) conocemos<\/em><\/td><\/tr><tr><td>ihr kennt<\/td><td><em>(vosotros\/vosotras) conoc\u00e9is<\/em><\/td><\/tr><tr><td>sie kennen<\/td><td><em>(ellos\/ellas\/Uds.) conocen<\/em><\/td><\/tr><\/tbody><\/table><\/figure>\n\n\n\n<p id=\"dar\">Beispiel:<\/p>\n\n\n\n<p><em>Conozco a mucha gente ah\u00ed.<\/em><\/p>\n\n\n\n<p>Ich kenne viele Leute hier.<\/p>\n\n\n\n<h3 class=\"wp-block-heading\"><em>dar<\/em> (geben)<\/h3>\n\n\n\n<figure class=\"wp-block-table\"><table><tbody><tr><td><strong>Deutsch:<\/strong><\/td><td><strong>Spanisch<\/strong>:<\/td><\/tr><tr><td>ich gebe<\/td><td><em>(yo) doy<\/em><\/td><\/tr><tr><td>du gibst<\/td><td><em>(t\u00fa) das<\/em><\/td><\/tr><tr><td>er\/sie\/es gibt; Sie geben<\/td><td><em>(\u00e9l\/ella\/Usted) da&nbsp;<\/em><\/td><\/tr><tr><td>wir geben<\/td><td><em>(nosotros\/nosotras) damos<\/em><\/td><\/tr><tr><td>ihr gebt<\/td><td><em>(vosotros\/vosotras) dais<\/em><\/td><\/tr><tr><td>sie geben<\/td><td><em>(ellos\/ellas\/Uds.) dan<\/em><\/td><\/tr><\/tbody><\/table><\/figure>\n\n\n\n<p id=\"empezar\">Beispiel:<\/p>\n\n\n\n<p><em>Dame la caqueta, por favor.<\/em><\/p>\n\n\n\n<p>Gib mir bitte die Jacke.<\/p>\n\n\n\n<h3 class=\"wp-block-heading\"><em>empezar<\/em> (beginnen)<\/h3>\n\n\n\n<figure class=\"wp-block-table\"><table><tbody><tr><td><strong>Deutsch:<\/strong><\/td><td><strong>Spanisch<\/strong>:<\/td><\/tr><tr><td>ich beginne<\/td><td><em>(yo) empiezo<\/em><\/td><\/tr><tr><td>du beginnst<\/td><td><em>(t\u00fa) empiezas<\/em><\/td><\/tr><tr><td>er\/sie\/es beginnt; Sie beginnen<\/td><td><em>(\u00e9l\/ella\/Usted) empzieza<\/em><\/td><\/tr><tr><td>wir beginnen<\/td><td><em>(nosotros\/nosotras) empezamos<\/em><\/td><\/tr><tr><td>ihr beginnt<\/td><td><em>(vosotros\/vosotras) empez\u00e1is<\/em><\/td><\/tr><tr><td>sie beginnen<\/td><td><em>(ellos\/ellas\/Uds.) empiezan<\/em><\/td><\/tr><\/tbody><\/table><\/figure>\n\n\n\n<p id=\"encontrar\">Beispiel:<\/p>\n\n\n\n<p><em>Voy a empezar a aprender alem\u00e1n.<\/em><\/p>\n\n\n\n<p>Ich werde damit beginnen, Deutsch zu lernen.<\/p>\n\n\n\n<h3 class=\"wp-block-heading\"><em>encontrar <\/em>(finden; begegnen; treffen)<\/h3>\n\n\n\n<figure class=\"wp-block-table\"><table><tbody><tr><td><strong>Deutsch:<\/strong><\/td><td><strong>Spanisch<\/strong>:<\/td><\/tr><tr><td>ich finde<\/td><td><em>(yo) encuentro<\/em><\/td><\/tr><tr><td>du findest<\/td><td><em>(t\u00fa) encuentras<\/em><\/td><\/tr><tr><td>er\/sie\/es findet; Sie finden<\/td><td><em>(\u00e9l\/ella\/Usted) encuentra<\/em><\/td><\/tr><tr><td>wir finden<\/td><td><em>(nosotros\/nosotras) encontramos<\/em><\/td><\/tr><tr><td>ihr findet<\/td><td><em>(vosotros\/vosotras) encontr\u00e1is<\/em><\/td><\/tr><tr><td>sie finden<\/td><td><em>(ellos\/ellas\/Uds.) encuentran<\/em><\/td><\/tr><\/tbody><\/table><\/figure>\n\n\n\n<p id=\"entender\">Beispiel:<\/p>\n\n\n\n<p><em>No puedo encontrar mi coche.<\/em><\/p>\n\n\n\n<p>Ich kann mein Auto nicht finden.<\/p>\n\n\n\n<h3 class=\"wp-block-heading\"><em>entender<\/em> (verstehen)<\/h3>\n\n\n\n<figure class=\"wp-block-table\"><table><tbody><tr><td><strong>Deutsch:<\/strong><\/td><td><strong>Spanisch<\/strong>:<\/td><\/tr><tr><td>ich verstehe<\/td><td><em>(yo) entiendo<\/em><\/td><\/tr><tr><td>du verstehst<\/td><td><em>(t\u00fa) entiendes<\/em><\/td><\/tr><tr><td>er\/sie\/es versteht; Sie verstehen<\/td><td><em>(\u00e9l\/ella\/Usted) entiende<\/em><\/td><\/tr><tr><td>wir verstehen<\/td><td><em>(nosotros\/nosotras) entendemos<\/em><\/td><\/tr><tr><td>ihr versteht<\/td><td><em>(vosotros\/vosotras) entend\u00e9is<\/em><\/td><\/tr><tr><td>sie verstehen<\/td><td><em>(ellos\/ellas\/Uds.) entienden<\/em><\/td><\/tr><\/tbody><\/table><\/figure>\n\n\n\n<p id=\"estar\">Beispiel:<\/p>\n\n\n\n<p><em>Para m\u00ed es dif\u00edcil entender el ingl\u00e9s.<\/em><\/p>\n\n\n\n<p>Es f\u00e4llt mir schwer, Englisch zu verstehen.<\/p>\n\n\n\n<h3 class=\"wp-block-heading\"><em>estar<\/em> (sein; sich befinden)<\/h3>\n\n\n\n<figure class=\"wp-block-table\"><table><tbody><tr><td><strong>Deutsch:<\/strong><\/td><td><strong>Spanisch<\/strong>:<\/td><\/tr><tr><td>ich bin<\/td><td><em>(yo) estoy<\/em><\/td><\/tr><tr><td>du bist<\/td><td><em>(t\u00fa) est\u00e1s<\/em><\/td><\/tr><tr><td>er\/sie\/es ist; Sie sind<\/td><td><em>(\u00e9l\/ella\/Usted) est\u00e1<\/em><\/td><\/tr><tr><td>wir sind<\/td><td><em>(nosotros\/nosotras) estamos<\/em><\/td><\/tr><tr><td>ihr seid<\/td><td><em>(vosotros\/vosotras) est\u00e1is<\/em><\/td><\/tr><tr><td>sie sind<\/td><td><em>(ellos\/ellas\/Uds.) est\u00e1n<\/em><\/td><\/tr><\/tbody><\/table><\/figure>\n\n\n\n<p class=\"has-pale-cyan-blue-background-color has-background\"><strong>Bitte beachten<\/strong>: Im Spanischen gibt es neben <em>estar <\/em>auch noch das Verb <em>ser<\/em>. Beide bedeuten im Deutschen <em>sein<\/em>. Der <a href=\"https:\/\/blog.busuu.com\/de\/ser-estar\/\">Unterschied zwischen ser und estar<\/a> liegt im Gebrauch: <em>Ser <\/em>beschreibt meist allgemeine, langfristige Eigenschaften, w\u00e4hrend sich <em>estar <\/em>auf aktuelle Zust\u00e4nde bezieht.<\/p>\n\n\n\n<p id=\"gustar\">Beispiel:<\/p>\n\n\n\n<p><em>\u00bfC\u00f3mo est\u00e1s?<\/em><\/p>\n\n\n\n<p>Wie gehts dir (gerade)?<\/p>\n\n\n\n<h3 class=\"wp-block-heading\"><em>gustar<\/em> (gefallen; m\u00f6gen)<\/h3>\n\n\n\n<figure class=\"wp-block-table\"><table><tbody><tr><td><strong>Deutsch:<\/strong><\/td><td><strong>Spanisch<\/strong>:<\/td><\/tr><tr><td>ich mag<\/td><td><em>(yo) gusto<\/em><\/td><\/tr><tr><td>du magst<\/td><td><em>(t\u00fa) gustas<\/em><\/td><\/tr><tr><td>er\/sie\/es mag; Sie m\u00f6gen<\/td><td><em>(\u00e9l\/ella\/Usted) gusta<\/em><\/td><\/tr><tr><td>wir m\u00f6gen<\/td><td><em>(nosotros\/nosotras) gustamos<\/em><\/td><\/tr><tr><td>ihr m\u00f6gt<\/td><td><em>(vosotros\/vosotras) gust\u00e1is<\/em><\/td><\/tr><tr><td>sie m\u00f6gen<\/td><td><em>(ellos\/ellas\/Uds.) gustan<\/em><\/td><\/tr><\/tbody><\/table><\/figure>\n\n\n\n<p id=\"haber\">Beispiel:<\/p>\n\n\n\n<p><em>Me gustan los perros.<\/em><\/p>\n\n\n\n<p>Ich mag Hunde.&nbsp;<\/p>\n\n\n\n<p>(<em>W\u00f6rtlich: Mir gefallen die Hunde.<\/em>)<\/p>\n\n\n\n<h3 class=\"wp-block-heading\"><em>haber <\/em>(haben)<\/h3>\n\n\n\n<figure class=\"wp-block-table\"><table><tbody><tr><td><strong>Deutsch:<\/strong><\/td><td><strong>Spanisch<\/strong>:<\/td><\/tr><tr><td>ich habe<\/td><td><em>(yo) he<\/em><\/td><\/tr><tr><td>du hast<\/td><td><em>(t\u00fa) has<\/em><\/td><\/tr><tr><td>er\/sie\/es hat; Sie haben<\/td><td><em>(\u00e9l\/ella\/Usted) ha\/hay (\u2192 es gibt)<\/em><\/td><\/tr><tr><td>wir haben<\/td><td><em>(nosotros\/nosotras) hemos<\/em><\/td><\/tr><tr><td>ihr habt<\/td><td><em>(vosotros\/vosotras) hab\u00e9is<\/em><\/td><\/tr><tr><td>sie haben<\/td><td><em>(ellos\/ellas\/Uds.) han&nbsp;<\/em><\/td><\/tr><\/tbody><\/table><\/figure>\n\n\n\n<p id=\"hablar\"><strong>Bitte beachten<\/strong>: <em>Haber <\/em>ist ein Hilfsverb und wird in Kombination mit einem <strong>Partizip <\/strong>genutzt, z. B.:<\/p>\n\n\n\n<p><em>Hemos <\/em><strong><em>visto <\/em><\/strong><em>una pel\u00edcula en el cine.<\/em><\/p>\n\n\n\n<p>Wir haben einen Film im Kino <strong>gesehen<\/strong>.<\/p>\n\n\n\n<h3 class=\"wp-block-heading\"><em>hablar<\/em> (sprechen)<\/h3>\n\n\n\n<figure class=\"wp-block-table\"><table><tbody><tr><td><strong>Deutsch:<\/strong><\/td><td><strong>Spanisch<\/strong>:<\/td><\/tr><tr><td>ich spreche<\/td><td><em>(yo) hablo<\/em><\/td><\/tr><tr><td>du sprichst<\/td><td><em>(t\u00fa) hablas<\/em><\/td><\/tr><tr><td>er\/sie\/es spricht; Sie sprechen<\/td><td><em>(\u00e9l\/ella\/Usted) habla<\/em><\/td><\/tr><tr><td>wir sprechen<\/td><td><em>(nosotros\/nosotras) hablamos<\/em><\/td><\/tr><tr><td>ihr sprecht<\/td><td><em>(vosotros\/vosotras) habl\u00e1is<\/em><\/td><\/tr><tr><td>sie sprechen<\/td><td><em>(ellos\/ellas\/Uds.) hablan<\/em><\/td><\/tr><\/tbody><\/table><\/figure>\n\n\n\n<p id=\"hacer\">Beispiel:<\/p>\n\n\n\n<p><em>Habla alem\u00e1n, espa\u00f1ol y ingl\u00e9s.<\/em><\/p>\n\n\n\n<p>Sie spricht Deutsch, Spanisch und Englisch.<\/p>\n\n\n\n<h3 class=\"wp-block-heading\"><em>hacer<\/em> (machen; tun)<\/h3>\n\n\n\n<figure class=\"wp-block-table\"><table><tbody><tr><td><strong>Deutsch:<\/strong><\/td><td><strong>Spanisch<\/strong>:<\/td><\/tr><tr><td>ich mache<\/td><td><em>(yo) hago<\/em><\/td><\/tr><tr><td>du machst<\/td><td><em>(t\u00fa) haces<\/em><\/td><\/tr><tr><td>er\/sie\/es macht; Sie machen<\/td><td><em>(\u00e9l\/ella\/Usted) hace<\/em><\/td><\/tr><tr><td>wir machen<\/td><td><em>(nosotros\/nosotras) hacemos<\/em><\/td><\/tr><tr><td>ihr macht<\/td><td><em>(vosotros\/vosotras) hac\u00e9is<\/em><\/td><\/tr><tr><td>sie machen<\/td><td><em>(ellos\/ellas\/Uds.) hacen<\/em><\/td><\/tr><\/tbody><\/table><\/figure>\n\n\n\n<p id=\"ir\">Beispiel:<\/p>\n\n\n\n<p><em>\u00bfQu\u00e9 hacen aqu\u00ed?<\/em><\/p>\n\n\n\n<p>Was machen sie hier?<\/p>\n\n\n\n<h3 class=\"wp-block-heading\"><em>ir<\/em> (gehen)<\/h3>\n\n\n\n<figure class=\"wp-block-table\"><table><tbody><tr><td><strong>Deutsch:<\/strong><\/td><td><strong>Spanisch<\/strong>:<\/td><\/tr><tr><td>ich gehe<\/td><td><em>(yo) voy<\/em><\/td><\/tr><tr><td>du gehst<\/td><td><em>(t\u00fa) vas<\/em><\/td><\/tr><tr><td>er\/sie\/es geht; Sie gehen<\/td><td><em>(\u00e9l\/ella\/Usted) va<\/em><\/td><\/tr><tr><td>wir gehen<\/td><td><em>(nosotros\/nosotras) vamos<\/em><\/td><\/tr><tr><td>ihr geht<\/td><td><em>(vosotros\/vosotras) vais<\/em><\/td><\/tr><tr><td>sie gehen<\/td><td><em>(ellos\/ellas\/Uds.) van<\/em><\/td><\/tr><\/tbody><\/table><\/figure>\n\n\n\n<p id=\"jugar\">Beispiel:<\/p>\n\n\n\n<p><em>Vamos a la playa.<\/em><\/p>\n\n\n\n<p>Wir gehen zum Strand.\/Lasst uns an den Strand gehen.<\/p>\n\n\n\n<h3 class=\"wp-block-heading\"><em>jugar<\/em> (spielen)<\/h3>\n\n\n\n<figure class=\"wp-block-table\"><table><tbody><tr><td><strong>Deutsch:<\/strong><\/td><td><strong>Spanisch<\/strong>:<\/td><\/tr><tr><td>ich spiele<\/td><td><em>(yo) juego<\/em><\/td><\/tr><tr><td>du spielst<\/td><td><em>(t\u00fa) juegas<\/em><\/td><\/tr><tr><td>er\/sie\/es spielt; Sie spielen<\/td><td><em>(\u00e9l\/ella\/Usted) juega<\/em><\/td><\/tr><tr><td>wir spielen<\/td><td><em>(nosotros\/nosotras) jugamos<\/em><\/td><\/tr><tr><td>ihr spielt<\/td><td><em>(vosotros\/vosotras) jug\u00e1is<\/em><\/td><\/tr><tr><td>sie spielen<\/td><td><em>(ellos\/ellas\/Uds.) juegan<\/em><\/td><\/tr><\/tbody><\/table><\/figure>\n\n\n\n<p id=\"leer\">Beispiel:<\/p>\n\n\n\n<p><em>Me gustar&nbsp; jugar al f\u00fatbol.<\/em><\/p>\n\n\n\n<p>Ich spiele gerne Fu\u00dfball.<\/p>\n\n\n\n<h3 class=\"wp-block-heading\"><em>leer<\/em> (lesen)<\/h3>\n\n\n\n<figure class=\"wp-block-table\"><table><tbody><tr><td><strong>Deutsch:<\/strong><\/td><td><strong>Spanisch<\/strong>:<\/td><\/tr><tr><td>ich lese<\/td><td>(yo) leo<\/td><\/tr><tr><td>du liest<\/td><td>(t\u00fa) lees<\/td><\/tr><tr><td>er\/sie\/es liest; Sie lesen<\/td><td>(\u00e9l\/ella\/Usted) lee<\/td><\/tr><tr><td>wir lesen<\/td><td>(nosotros\/nosotras) leemos<\/td><\/tr><tr><td>ihr lest<\/td><td>(vosotros\/vosotras) le\u00e9is<\/td><\/tr><tr><td>sie lesen<\/td><td>(ellos\/ellas\/Uds.) leen<\/td><\/tr><\/tbody><\/table><\/figure>\n\n\n\n<p id=\"levantarse\">Beispiel:<\/p>\n\n\n\n<p><em>\u00bfQu\u00e9 est\u00e1s leyendo?<\/em><\/p>\n\n\n\n<p>Was liest du gerade?<\/p>\n\n\n\n<h3 class=\"wp-block-heading\"><em>levantarse <\/em>(aufstehen; (hoch-\/auf-)heben)<\/h3>\n\n\n\n<figure class=\"wp-block-table\"><table><tbody><tr><td><strong>Deutsch:<\/strong><\/td><td><strong>Spanisch<\/strong>:<\/td><\/tr><tr><td>ich stehe auf<\/td><td><em>(yo) me levanto<\/em><\/td><\/tr><tr><td>du stehst auf<\/td><td><em>(t\u00fa) te levantas<\/em><\/td><\/tr><tr><td>er\/sie\/es steht auf; Sie stehen auf<\/td><td><em>(\u00e9l\/ella\/Usted) se levanta<\/em><\/td><\/tr><tr><td>wir stehen auf<\/td><td><em>(nosotros\/nosotras) nos levantamos<\/em><\/td><\/tr><tr><td>ihr steht auf<\/td><td><em>(vosotros\/vosotras) os levant\u00e1is<\/em><\/td><\/tr><tr><td>sie stehen auf<\/td><td><em>(ellos\/ellas\/Uds.) se levantan<\/em><\/td><\/tr><\/tbody><\/table><\/figure>\n\n\n\n<p id=\"pensar\">Beispiel:<\/p>\n\n\n\n<p><em>No me quiero levantar ahora.<\/em><\/p>\n\n\n\n<p>Ich will jetzt nicht aufstehen.<\/p>\n\n\n\n<h3 class=\"wp-block-heading\"><em>pensar<\/em> (denken)<\/h3>\n\n\n\n<figure class=\"wp-block-table\"><table><tbody><tr><td><strong>Deutsch:<\/strong><\/td><td><strong>Spanisch<\/strong>:<\/td><\/tr><tr><td>ich denke<\/td><td><em>(yo) pienso<\/em><\/td><\/tr><tr><td>du denkst<\/td><td><em>(t\u00fa) piensas<\/em><\/td><\/tr><tr><td>er\/sie\/es denkt; Sie denken<\/td><td><em>(\u00e9l\/ella\/Usted) piensa<\/em><\/td><\/tr><tr><td>wir denken<\/td><td><em>(nosotros\/nosotras) pensamos<\/em><\/td><\/tr><tr><td>ihr denkt<\/td><td><em>(vosotros\/vosotras) pens\u00e1is<\/em><\/td><\/tr><tr><td>sie denken<\/td><td><em>(ellos\/ellas\/Uds.) piensan<\/em><\/td><\/tr><\/tbody><\/table><\/figure>\n\n\n\n<p id=\"poder\">Beispiel:<\/p>\n\n\n\n<p><em>No pienso en eso.<\/em><\/p>\n\n\n\n<p>Ich denke nicht dar\u00fcber nach.<\/p>\n\n\n\n<h3 class=\"wp-block-heading\"><em>poder<\/em> (k\u00f6nnen)<\/h3>\n\n\n\n<figure class=\"wp-block-table\"><table><tbody><tr><td><strong>Deutsch:<\/strong><\/td><td><strong>Spanisch<\/strong>:<\/td><\/tr><tr><td>ich kann<\/td><td><em>(yo) puedo<\/em><\/td><\/tr><tr><td>du kannst<\/td><td><em>(t\u00fa) puedes<\/em><\/td><\/tr><tr><td>er\/sie\/es kann; Sie k\u00f6nnen<\/td><td><em>(\u00e9l\/ella\/Usted) puede<\/em><\/td><\/tr><tr><td>wir k\u00f6nnen<\/td><td><em>(nosotros\/nosotras) podemos<\/em><\/td><\/tr><tr><td>ihr k\u00f6nnt<\/td><td><em>(vosotros\/vosotras) pod\u00e9is<\/em><\/td><\/tr><tr><td>sie k\u00f6nnen<\/td><td><em>(ellos\/ellas\/Uds.) pueden<\/em><\/td><\/tr><\/tbody><\/table><\/figure>\n\n\n\n<p id=\"poner\">Beispiel:<\/p>\n\n\n\n<p><em>\u00bfPuedes ayudarme?<\/em><\/p>\n\n\n\n<p>Kannst du mir helfen?<\/p>\n\n\n\n<h3 class=\"wp-block-heading\"><em>poner<\/em> (setzen; stellen; legen)<\/h3>\n\n\n\n<figure class=\"wp-block-table\"><table><tbody><tr><td><strong>Deutsch:<\/strong><\/td><td><strong>Spanisch<\/strong>:<\/td><\/tr><tr><td>ich setze<\/td><td><em>(yo) pongo<\/em><\/td><\/tr><tr><td>du setzt<\/td><td><em>(t\u00fa) pones<\/em><\/td><\/tr><tr><td>er\/sie\/es setzt; Sie setzen<\/td><td><em>(\u00e9l\/ella\/Usted) pone<\/em><\/td><\/tr><tr><td>wir setzen<\/td><td><em>(nosotros\/nosotras) ponemos<\/em><\/td><\/tr><tr><td>ihr setzt<\/td><td><em>(vosotros\/vosotras) pon\u00e9is<\/em><\/td><\/tr><tr><td>sie setzen<\/td><td><em>(ellos\/ellas\/Uds.) ponen<\/em><\/td><\/tr><\/tbody><\/table><\/figure>\n\n\n\n<p id=\"preferir\">Beispiel:<\/p>\n\n\n\n<p><em>Vamos a poner la mesa.<\/em><\/p>\n\n\n\n<p>Decken wir den Tisch.<\/p>\n\n\n\n<h3 class=\"wp-block-heading\"><em>preferir <\/em>(bevorzugen)<\/h3>\n\n\n\n<figure class=\"wp-block-table\"><table><tbody><tr><td><strong>Deutsch:<\/strong><\/td><td><strong>Spanisch<\/strong>:<\/td><\/tr><tr><td>ich bevorzuge<\/td><td><em>(yo) prefiero<\/em><\/td><\/tr><tr><td>du bevorzugst<\/td><td><em>(t\u00fa) prefieres<\/em><\/td><\/tr><tr><td>er\/sie\/es bevorzugt; Sie bevorzugen<\/td><td><em>(\u00e9l\/ella\/Usted) prefiere<\/em><\/td><\/tr><tr><td>wir bevorzugen<\/td><td><em>(nosotros\/nosotras) preferimos<\/em><\/td><\/tr><tr><td>ihr bevorzugt<\/td><td><em>(vosotros\/vosotras) prefer\u00eds<\/em><\/td><\/tr><tr><td>sie bevorzugen<\/td><td><em>(ellos\/ellas\/Uds.) prefieren<\/em><\/td><\/tr><\/tbody><\/table><\/figure>\n\n\n\n<p id=\"quedar\">Beispiel:<\/p>\n\n\n\n<p><em>Yo prefiero el vino blanco.<\/em><\/p>\n\n\n\n<p>Ich bevorzuge Wei\u00dfwein.<\/p>\n\n\n\n<h3 class=\"wp-block-heading\"><em>quedarse<\/em> (bleiben)<\/h3>\n\n\n\n<figure class=\"wp-block-table\"><table><tbody><tr><td><strong>Deutsch:<\/strong><\/td><td><strong>Spanisch<\/strong>:<\/td><\/tr><tr><td>ich bleibe<\/td><td><em>(yo) me quedo<\/em><\/td><\/tr><tr><td>du bleibst<\/td><td><em>(t\u00fa) te quedas<\/em><\/td><\/tr><tr><td>er\/sie\/es bleibt; Sie bleiben<\/td><td><em>(\u00e9l\/ella\/Usted) se queda<\/em><\/td><\/tr><tr><td>wir bleiben<\/td><td><em>(nosotros\/nosotras) nos quedamos<\/em><\/td><\/tr><tr><td>ihr bleibt<\/td><td><em>(vosotros\/vosotras) vos qued\u00e1is<\/em><\/td><\/tr><tr><td>sie bleiben<\/td><td><em>(ellos\/ellas\/Uds.) se quedan<\/em><\/td><\/tr><\/tbody><\/table><\/figure>\n\n\n\n<p id=\"saber\">Beispiel:<\/p>\n\n\n\n<p><em>\u00c9l se queda en casa hoy.<\/em><\/p>\n\n\n\n<p>Er bleibt heute zu Hause.<\/p>\n\n\n\n<h3 class=\"wp-block-heading\"><em>saber <\/em>(wissen; k\u00f6nnen)<\/h3>\n\n\n\n<figure class=\"wp-block-table\"><table><tbody><tr><td><strong>Deutsch:<\/strong><\/td><td><strong>Spanisch<\/strong>:<\/td><\/tr><tr><td>ich wei\u00df<\/td><td><em>(yo) s\u00e9<\/em><\/td><\/tr><tr><td>du wei\u00dft<\/td><td><em>(t\u00fa) sabes<\/em><\/td><\/tr><tr><td>er\/sie\/es wei\u00df; Sie wissen<\/td><td><em>(\u00e9l\/ella\/Usted) sabe<\/em><\/td><\/tr><tr><td>wir wissen<\/td><td><em>(nosotros\/nosotras) sabemos<\/em><\/td><\/tr><tr><td>ihr wisst<\/td><td><em>(vosotros\/vosotras) sab\u00e9is<\/em><\/td><\/tr><tr><td>sie wissen<\/td><td><em>(ellos\/ellas\/Uds.) saben<\/em><\/td><\/tr><\/tbody><\/table><\/figure>\n\n\n\n<p id=\"salir\">Beispiel:<\/p>\n\n\n\n<p><em>Sabe muchos idiomas.<\/em><\/p>\n\n\n\n<p>Sie kann viele (Fremd-)Sprachen.<\/p>\n\n\n\n<p><strong>Bitte beachten<\/strong>: Im Unterschied zu <em>poder<\/em>, was auch <em>k\u00f6nnen <\/em>bedeutet, wird <em>saber <\/em>verwendet, um auszudr\u00fccken, dass jemand eine Fertigkeit oder ein Talent beherrscht.<\/p>\n\n\n\n<h3 class=\"wp-block-heading\"><em>salir<\/em> (ausgehen; aussteigen; abreisen)<\/h3>\n\n\n\n<figure class=\"wp-block-table\"><table><tbody><tr><td><strong>Deutsch:<\/strong><\/td><td><strong>Spanisch<\/strong>:<\/td><\/tr><tr><td>ich gehe aus<\/td><td><em>(yo) salgo<\/em><\/td><\/tr><tr><td>du gehst aus<\/td><td><em>(t\u00fa) sales<\/em><\/td><\/tr><tr><td>er\/sie\/es geht aus; Sie gehen aus<\/td><td><em>(\u00e9l\/ella\/Usted) sale<\/em><\/td><\/tr><tr><td>wir gehen aus<\/td><td><em>(nosotros\/nosotras) salimos<\/em><\/td><\/tr><tr><td>ihr geht aus<\/td><td><em>(vosotros\/vosotras) sal\u00eds<\/em><\/td><\/tr><tr><td>sie gehen aus<\/td><td><em>(ellos\/ellas\/Uds.) salen<\/em><\/td><\/tr><\/tbody><\/table><\/figure>\n\n\n\n<p id=\"ser\">Beispiel:<\/p>\n\n\n\n<p><em>Ellos salen todas las noches.<\/em><\/p>\n\n\n\n<p>Sie gehen jeden Abend\/jede Nacht aus.<\/p>\n\n\n\n<h3 class=\"wp-block-heading\"><em>ser<\/em> (sein)<\/h3>\n\n\n\n<figure class=\"wp-block-table\"><table><tbody><tr><td><strong>Deutsch:<\/strong><\/td><td><strong>Spanisch<\/strong>:<\/td><\/tr><tr><td>ich bin<\/td><td><em>(yo) soy<\/em><\/td><\/tr><tr><td>du bist<\/td><td><em>(t\u00fa) eres<\/em><\/td><\/tr><tr><td>er\/sie\/es ist; Sie sind<\/td><td><em>(\u00e9l\/ella\/Usted) es&nbsp;<\/em><\/td><\/tr><tr><td>wir sind<\/td><td><em>(nosotros\/nosotras) somos<\/em><\/td><\/tr><tr><td>ihr seid<\/td><td><em>(vosotros\/vosotras) sois<\/em><\/td><\/tr><tr><td>sie sind<\/td><td><em>(ellos\/ellas\/Uds.) son&nbsp;<\/em><\/td><\/tr><\/tbody><\/table><\/figure>\n\n\n\n<p><strong>Nicht vergessen<\/strong>: <em>Ser <\/em>und <em>estar <\/em>werden unterschiedlich verwendet (siehe oben bei <em>estar<\/em>).<\/p>\n\n\n\n<p id=\"tener\">Beispiel:<\/p>\n\n\n\n<p><em>Yo soy una profesora.<\/em><\/p>\n\n\n\n<p>Ich bin Lehrerin.<\/p>\n\n\n\n<h3 class=\"wp-block-heading\"><em>tener<\/em> (haben)<\/h3>\n\n\n\n<figure class=\"wp-block-table\"><table><tbody><tr><td><strong>Deutsch:<\/strong><\/td><td><strong>Spanisch<\/strong>:<\/td><\/tr><tr><td>ich habe<\/td><td><em>(yo) tengo<\/em><\/td><\/tr><tr><td>du hast<\/td><td><em>(t\u00fa) tienes<\/em><\/td><\/tr><tr><td>er\/sie\/es hat; Sie haben<\/td><td><em>(\u00e9l\/ella\/Usted) tiene<\/em><\/td><\/tr><tr><td>wir haben<\/td><td><em>(nosotros\/nosotras) tenemos<\/em><\/td><\/tr><tr><td>ihr habt<\/td><td><em>(vosotros\/vosotras) ten\u00e9is<\/em><\/td><\/tr><tr><td>sie haben<\/td><td><em>(ellos\/ellas\/Uds.) tienen<\/em><\/td><\/tr><\/tbody><\/table><\/figure>\n\n\n\n<p id=\"venir\">Beispiel:<\/p>\n\n\n\n<p><em>Ella tiene 27 a\u00f1os.<\/em><\/p>\n\n\n\n<p>Sie ist 27 Jahre alt.<\/p>\n\n\n\n<h3 class=\"wp-block-heading\"><em>venir<\/em> (kommen)<\/h3>\n\n\n\n<figure class=\"wp-block-table\"><table><tbody><tr><td><strong>Deutsch:<\/strong><\/td><td><strong>Spanisch<\/strong>:<\/td><\/tr><tr><td>ich komme<\/td><td><em>(yo) vengo<\/em><\/td><\/tr><tr><td>du kommst<\/td><td><em>(t\u00fa) vienes<\/em><\/td><\/tr><tr><td>er\/sie\/es kommt; Sie kommen<\/td><td><em>(\u00e9l\/ella\/Usted) viene<\/em><\/td><\/tr><tr><td>wir kommen<\/td><td><em>(nosotros\/nosotras) venimos<\/em><\/td><\/tr><tr><td>ihr kommt<\/td><td><em>(vosotros\/vosotras) ven\u00eds<\/em><\/td><\/tr><tr><td>sie kommen<\/td><td><em>(ellos\/ellas\/Uds.) vienen<\/em><\/td><\/tr><\/tbody><\/table><\/figure>\n\n\n\n<p id=\"ver\">Beispiel:<\/p>\n\n\n\n<p><em>\u00bfCu\u00e1ndo vienes a la fiesta?<\/em><\/p>\n\n\n\n<p>Wann kommst du zur Party?<\/p>\n\n\n\n<h3 class=\"wp-block-heading\"><em>ver<\/em> (sehen)<\/h3>\n\n\n\n<figure class=\"wp-block-table\"><table><tbody><tr><td><strong>Deutsch:<\/strong><\/td><td><strong>Spanisch<\/strong>:<\/td><\/tr><tr><td>ich sehe<\/td><td><em>(yo) veo<\/em><\/td><\/tr><tr><td>du siehst<\/td><td><em>(t\u00fa) ves<\/em><\/td><\/tr><tr><td>er\/sie\/es sieht; Sie sehen<\/td><td><em>(\u00e9l\/ella\/Usted) ve<\/em><\/td><\/tr><tr><td>wir sehen<\/td><td><em>(nosotros\/nosotras) vemos<\/em><\/td><\/tr><tr><td>ihr seht<\/td><td><em>(vosotros\/vosotras) veis<\/em><\/td><\/tr><tr><td>sie sehen<\/td><td><em>(ellos\/ellas\/Uds.) ven<\/em><\/td><\/tr><\/tbody><\/table><\/figure>\n\n\n\n<p id=\"vivir\">Beispiel:<\/p>\n\n\n\n<p><em>Vamos a ver.<\/em><\/p>\n\n\n\n<p>Wir werden sehen.<\/p>\n\n\n\n<h3 class=\"wp-block-heading\"><em>vivir<\/em> (leben)<\/h3>\n\n\n\n<figure class=\"wp-block-table\"><table><tbody><tr><td><strong>Deutsch:<\/strong><\/td><td><strong>Spanisch<\/strong>:<\/td><\/tr><tr><td>ich lebe<\/td><td><em>(yo) vivo<\/em><\/td><\/tr><tr><td>du lebst<\/td><td><em>(t\u00fa) vives<\/em><\/td><\/tr><tr><td>er\/sie\/es lebt; Sie leben<\/td><td><em>(\u00e9l\/ella\/Usted) vive<\/em><\/td><\/tr><tr><td>wir leben<\/td><td><em>(nosotros\/nosotras) vivimos<\/em><\/td><\/tr><tr><td>ihr lebt<\/td><td><em>(vosotros\/vosotras) viv\u00eds<\/em><\/td><\/tr><tr><td>sie leben<\/td><td><em>(ellos\/ellas\/Uds.) viven<\/em><\/td><\/tr><\/tbody><\/table><\/figure>\n\n\n\n<p>Beispiel:<\/p>\n\n\n\n<p><em>\u00bfD\u00f3nde vives?<\/em><\/p>\n\n\n\n<p>Wo lebst du?<\/p>\n\n\n\n<hr class=\"wp-block-separator has-css-opacity\"\/>\n\n\n\n<p><strong>Puh, das war ganz sch\u00f6n viel!<\/strong><\/p>\n\n\n\n<p>Gl\u00fcckwunsch, dass du es bis hierher geschafft hast! Dein Kopf ist sicher voll mit spanischen Verbkonjugationen.<em> \u00a1Bien hecho!<\/em> Gut gemacht!<em> <\/em>Jetzt fehlt dir nur noch die praktische \u00dcbung.<\/p>\n\n\n\n<hr class=\"wp-block-separator has-css-opacity\"\/>\n\n\n\n<h2 class=\"wp-block-heading\"><strong>Mit Busuu die spanischen Verben online \u00fcben<\/strong><\/h2>\n\n\n\n<p>Wusstest du, dass du mit Busuu 4x schneller Spanisch lernen kannst als mit herk\u00f6mmlichen Unterrichtsmethoden?<\/p>\n\n\n\n<p>Das Beste daran: In allen Lektionen erwarten dich tolle Quiz, die auf deine Bed\u00fcrfnisse zugeschnitten sind. Und mit der Grammatikwiederhol-Funktion von Busuu hast du die spanische Verbkonjugation schon bald gut und sicher drauf.<\/p>\n\n\n\n<div class=\"wp-block-buttons is-layout-flex wp-block-buttons-is-layout-flex\">\n<div class=\"wp-block-button has-custom-width wp-block-button__width-100\"><a class=\"wp-block-button__link has-vivid-cyan-blue-background-color has-background wp-element-button\" href=\"https:\/\/www.busuu.com\/de\/register?learning=es\">Jetzt loslegen<\/a><\/div>\n<\/div>\n\n\n\n<hr class=\"wp-block-separator has-css-opacity\"\/>\n\n\n\n<p>We think you might also like\u2026<\/p>\n\n\n\n<ul>\n<li><a href=\"https:\/\/blog.busuu.com\/preterite-endings\/\" target=\"_blank\" rel=\"noreferrer noopener\">Preterite endings: how to conjugate verbs in the past tense<\/a><\/li>\n<\/ul>\n","protected":false},"excerpt":{"rendered":"<p>Jetzt mit Busuu die spanischen Verben \u00fcben. Mit unseren Konjugationstabellen lernst du 30 gebr\u00e4uchliche Verben &#038; ihre Konjugation im Spanischen ganz einfach.<\/p>\n","protected":false},"author":2,"featured_media":25492,"comment_status":"open","ping_status":"open","sticky":false,"template":"","format":"standard","meta":{"footnotes":""},"categories":[25],"tags":[],"yoast_head":"<!-- This site is optimized with the Yoast SEO plugin v23.0 - https:\/\/yoast.com\/wordpress\/plugins\/seo\/ -->\n<title>Spanische Verben konjugieren (mit Tabellen) - Busuu Blog<\/title>\n<meta name=\"description\" content=\"Jetzt mit Busuu die spanischen Verben \u00fcben. Mit unseren Konjugationstabellen lernst du 30 gebr\u00e4uchliche Verben &amp; ihre Konjugation im Spanischen ganz einfach.\" \/>\n<meta name=\"robots\" content=\"index, follow, max-snippet:-1, max-image-preview:large, max-video-preview:-1\" \/>\n<link rel=\"canonical\" href=\"https:\/\/blog.busuu.com\/de\/spanische-konjugation\/\" \/>\n<meta property=\"og:locale\" content=\"de_DE\" \/>\n<meta property=\"og:type\" content=\"article\" \/>\n<meta property=\"og:title\" content=\"Spanische Verben konjugieren (mit Tabellen) - Busuu Blog\" \/>\n<meta property=\"og:description\" content=\"Jetzt mit Busuu die spanischen Verben \u00fcben. Mit unseren Konjugationstabellen lernst du 30 gebr\u00e4uchliche Verben &amp; ihre Konjugation im Spanischen ganz einfach.\" \/>\n<meta property=\"og:url\" content=\"https:\/\/blog.busuu.com\/de\/spanische-konjugation\/\" \/>\n<meta property=\"og:site_name\" content=\"Busuu Blog\" \/>\n<meta property=\"article:published_time\" content=\"2021-12-16T08:30:00+00:00\" \/>\n<meta property=\"article:modified_time\" content=\"2023-11-06T09:54:13+00:00\" \/>\n<meta property=\"og:image\" content=\"https:\/\/blog.busuu.com\/wp-content\/uploads\/2021\/12\/spanische-verben-1.jpg\" \/>\n\t<meta property=\"og:image:width\" content=\"1080\" \/>\n\t<meta property=\"og:image:height\" content=\"800\" \/>\n\t<meta property=\"og:image:type\" content=\"image\/jpeg\" \/>\n<meta name=\"author\" content=\"Arham Husain\" \/>\n<meta name=\"twitter:card\" content=\"summary_large_image\" \/>\n<meta name=\"twitter:label1\" content=\"Verfasst von\" \/>\n\t<meta name=\"twitter:data1\" content=\"Arham Husain\" \/>\n\t<meta name=\"twitter:label2\" content=\"Gesch\u00e4tzte Lesezeit\" \/>\n\t<meta name=\"twitter:data2\" content=\"8 Minuten\" \/>\n<script type=\"application\/ld+json\" class=\"yoast-schema-graph\">{\"@context\":\"https:\/\/schema.org\",\"@graph\":[{\"@type\":\"Article\",\"@id\":\"https:\/\/blog.busuu.com\/de\/spanische-konjugation\/#article\",\"isPartOf\":{\"@id\":\"https:\/\/blog.busuu.com\/de\/spanische-konjugation\/\"},\"author\":{\"name\":\"Arham Husain\",\"@id\":\"https:\/\/blog.busuu.com\/de\/#\/schema\/person\/5fdc2ff949c90baf8ee936137ffc51aa\"},\"headline\":\"Top 30 spanische Verben (mit Verbtabellen &#038; Beispielen)\",\"datePublished\":\"2021-12-16T08:30:00+00:00\",\"dateModified\":\"2023-11-06T09:54:13+00:00\",\"mainEntityOfPage\":{\"@id\":\"https:\/\/blog.busuu.com\/de\/spanische-konjugation\/\"},\"wordCount\":2032,\"commentCount\":0,\"publisher\":{\"@id\":\"https:\/\/blog.busuu.com\/de\/#organization\"},\"image\":{\"@id\":\"https:\/\/blog.busuu.com\/de\/spanische-konjugation\/#primaryimage\"},\"thumbnailUrl\":\"https:\/\/blog.busuu.com\/wp-content\/uploads\/2021\/12\/spanische-verben-1.jpg\",\"articleSection\":[\"Unkategorisiert\"],\"inLanguage\":\"de-DE\",\"potentialAction\":[{\"@type\":\"CommentAction\",\"name\":\"Comment\",\"target\":[\"https:\/\/blog.busuu.com\/de\/spanische-konjugation\/#respond\"]}]},{\"@type\":\"WebPage\",\"@id\":\"https:\/\/blog.busuu.com\/de\/spanische-konjugation\/\",\"url\":\"https:\/\/blog.busuu.com\/de\/spanische-konjugation\/\",\"name\":\"Spanische Verben konjugieren (mit Tabellen) - Busuu Blog\",\"isPartOf\":{\"@id\":\"https:\/\/blog.busuu.com\/de\/#website\"},\"primaryImageOfPage\":{\"@id\":\"https:\/\/blog.busuu.com\/de\/spanische-konjugation\/#primaryimage\"},\"image\":{\"@id\":\"https:\/\/blog.busuu.com\/de\/spanische-konjugation\/#primaryimage\"},\"thumbnailUrl\":\"https:\/\/blog.busuu.com\/wp-content\/uploads\/2021\/12\/spanische-verben-1.jpg\",\"datePublished\":\"2021-12-16T08:30:00+00:00\",\"dateModified\":\"2023-11-06T09:54:13+00:00\",\"description\":\"Jetzt mit Busuu die spanischen Verben \u00fcben. Mit unseren Konjugationstabellen lernst du 30 gebr\u00e4uchliche Verben & ihre Konjugation im Spanischen ganz einfach.\",\"breadcrumb\":{\"@id\":\"https:\/\/blog.busuu.com\/de\/spanische-konjugation\/#breadcrumb\"},\"inLanguage\":\"de-DE\",\"potentialAction\":[{\"@type\":\"ReadAction\",\"target\":[\"https:\/\/blog.busuu.com\/de\/spanische-konjugation\/\"]}]},{\"@type\":\"ImageObject\",\"inLanguage\":\"de-DE\",\"@id\":\"https:\/\/blog.busuu.com\/de\/spanische-konjugation\/#primaryimage\",\"url\":\"https:\/\/blog.busuu.com\/wp-content\/uploads\/2021\/12\/spanische-verben-1.jpg\",\"contentUrl\":\"https:\/\/blog.busuu.com\/wp-content\/uploads\/2021\/12\/spanische-verben-1.jpg\",\"width\":1080,\"height\":800,\"caption\":\"Top 30 spanische Verben (mit Verbtabellen & Beispielen)\"},{\"@type\":\"BreadcrumbList\",\"@id\":\"https:\/\/blog.busuu.com\/de\/spanische-konjugation\/#breadcrumb\",\"itemListElement\":[{\"@type\":\"ListItem\",\"position\":1,\"name\":\"Home\",\"item\":\"https:\/\/blog.busuu.com\/de\/\"},{\"@type\":\"ListItem\",\"position\":2,\"name\":\"Top 30 spanische Verben (mit Verbtabellen &#038; Beispielen)\"}]},{\"@type\":\"WebSite\",\"@id\":\"https:\/\/blog.busuu.com\/de\/#website\",\"url\":\"https:\/\/blog.busuu.com\/de\/\",\"name\":\"Busuu Blog\",\"description\":\"Busuu - the language learning community\",\"publisher\":{\"@id\":\"https:\/\/blog.busuu.com\/de\/#organization\"},\"potentialAction\":[{\"@type\":\"SearchAction\",\"target\":{\"@type\":\"EntryPoint\",\"urlTemplate\":\"https:\/\/blog.busuu.com\/de\/?s={search_term_string}\"},\"query-input\":\"required name=search_term_string\"}],\"inLanguage\":\"de-DE\"},{\"@type\":\"Organization\",\"@id\":\"https:\/\/blog.busuu.com\/de\/#organization\",\"name\":\"Busuu Blog\",\"url\":\"https:\/\/blog.busuu.com\/de\/\",\"logo\":{\"@type\":\"ImageObject\",\"inLanguage\":\"de-DE\",\"@id\":\"https:\/\/blog.busuu.com\/de\/#\/schema\/logo\/image\/\",\"url\":\"https:\/\/blog.busuu.com\/wp-content\/uploads\/2023\/11\/busuu-landscape-white-1-300x94-1.png\",\"contentUrl\":\"https:\/\/blog.busuu.com\/wp-content\/uploads\/2023\/11\/busuu-landscape-white-1-300x94-1.png\",\"width\":300,\"height\":94,\"caption\":\"Busuu Blog\"},\"image\":{\"@id\":\"https:\/\/blog.busuu.com\/de\/#\/schema\/logo\/image\/\"}},{\"@type\":\"Person\",\"@id\":\"https:\/\/blog.busuu.com\/de\/#\/schema\/person\/5fdc2ff949c90baf8ee936137ffc51aa\",\"name\":\"Arham Husain\",\"image\":{\"@type\":\"ImageObject\",\"inLanguage\":\"de-DE\",\"@id\":\"https:\/\/blog.busuu.com\/de\/#\/schema\/person\/image\/\",\"url\":\"https:\/\/secure.gravatar.com\/avatar\/b71eddd7693f9469640b47c5f89f575c?s=96&d=mm&r=g\",\"contentUrl\":\"https:\/\/secure.gravatar.com\/avatar\/b71eddd7693f9469640b47c5f89f575c?s=96&d=mm&r=g\",\"caption\":\"Arham Husain\"},\"description\":\"Arham Hussain is a Canadian writer, comedian and avid language learner currently based in New York City. Arham\u2019s first language is English, he\u2019s fluent in French, speaks some Irish, and is currently learning Japanese and Spanish. He loves dogs, iced coffee, and cooking experiments.\",\"url\":\"https:\/\/blog.busuu.com\/de\/author\/arhamchegg-com\/\"}]}<\/script>\n<!-- \/ Yoast SEO plugin. -->","yoast_head_json":{"title":"Spanische Verben konjugieren (mit Tabellen) - Busuu Blog","description":"Jetzt mit Busuu die spanischen Verben \u00fcben. Mit unseren Konjugationstabellen lernst du 30 gebr\u00e4uchliche Verben & ihre Konjugation im Spanischen ganz einfach.","robots":{"index":"index","follow":"follow","max-snippet":"max-snippet:-1","max-image-preview":"max-image-preview:large","max-video-preview":"max-video-preview:-1"},"canonical":"https:\/\/blog.busuu.com\/de\/spanische-konjugation\/","og_locale":"de_DE","og_type":"article","og_title":"Spanische Verben konjugieren (mit Tabellen) - Busuu Blog","og_description":"Jetzt mit Busuu die spanischen Verben \u00fcben. Mit unseren Konjugationstabellen lernst du 30 gebr\u00e4uchliche Verben & ihre Konjugation im Spanischen ganz einfach.","og_url":"https:\/\/blog.busuu.com\/de\/spanische-konjugation\/","og_site_name":"Busuu Blog","article_published_time":"2021-12-16T08:30:00+00:00","article_modified_time":"2023-11-06T09:54:13+00:00","og_image":[{"width":1080,"height":800,"url":"https:\/\/blog.busuu.com\/wp-content\/uploads\/2021\/12\/spanische-verben-1.jpg","type":"image\/jpeg"}],"author":"Arham Husain","twitter_card":"summary_large_image","twitter_misc":{"Verfasst von":"Arham Husain","Gesch\u00e4tzte Lesezeit":"8 Minuten"},"schema":{"@context":"https:\/\/schema.org","@graph":[{"@type":"Article","@id":"https:\/\/blog.busuu.com\/de\/spanische-konjugation\/#article","isPartOf":{"@id":"https:\/\/blog.busuu.com\/de\/spanische-konjugation\/"},"author":{"name":"Arham Husain","@id":"https:\/\/blog.busuu.com\/de\/#\/schema\/person\/5fdc2ff949c90baf8ee936137ffc51aa"},"headline":"Top 30 spanische Verben (mit Verbtabellen &#038; Beispielen)","datePublished":"2021-12-16T08:30:00+00:00","dateModified":"2023-11-06T09:54:13+00:00","mainEntityOfPage":{"@id":"https:\/\/blog.busuu.com\/de\/spanische-konjugation\/"},"wordCount":2032,"commentCount":0,"publisher":{"@id":"https:\/\/blog.busuu.com\/de\/#organization"},"image":{"@id":"https:\/\/blog.busuu.com\/de\/spanische-konjugation\/#primaryimage"},"thumbnailUrl":"https:\/\/blog.busuu.com\/wp-content\/uploads\/2021\/12\/spanische-verben-1.jpg","articleSection":["Unkategorisiert"],"inLanguage":"de-DE","potentialAction":[{"@type":"CommentAction","name":"Comment","target":["https:\/\/blog.busuu.com\/de\/spanische-konjugation\/#respond"]}]},{"@type":"WebPage","@id":"https:\/\/blog.busuu.com\/de\/spanische-konjugation\/","url":"https:\/\/blog.busuu.com\/de\/spanische-konjugation\/","name":"Spanische Verben konjugieren (mit Tabellen) - Busuu Blog","isPartOf":{"@id":"https:\/\/blog.busuu.com\/de\/#website"},"primaryImageOfPage":{"@id":"https:\/\/blog.busuu.com\/de\/spanische-konjugation\/#primaryimage"},"image":{"@id":"https:\/\/blog.busuu.com\/de\/spanische-konjugation\/#primaryimage"},"thumbnailUrl":"https:\/\/blog.busuu.com\/wp-content\/uploads\/2021\/12\/spanische-verben-1.jpg","datePublished":"2021-12-16T08:30:00+00:00","dateModified":"2023-11-06T09:54:13+00:00","description":"Jetzt mit Busuu die spanischen Verben \u00fcben. Mit unseren Konjugationstabellen lernst du 30 gebr\u00e4uchliche Verben & ihre Konjugation im Spanischen ganz einfach.","breadcrumb":{"@id":"https:\/\/blog.busuu.com\/de\/spanische-konjugation\/#breadcrumb"},"inLanguage":"de-DE","potentialAction":[{"@type":"ReadAction","target":["https:\/\/blog.busuu.com\/de\/spanische-konjugation\/"]}]},{"@type":"ImageObject","inLanguage":"de-DE","@id":"https:\/\/blog.busuu.com\/de\/spanische-konjugation\/#primaryimage","url":"https:\/\/blog.busuu.com\/wp-content\/uploads\/2021\/12\/spanische-verben-1.jpg","contentUrl":"https:\/\/blog.busuu.com\/wp-content\/uploads\/2021\/12\/spanische-verben-1.jpg","width":1080,"height":800,"caption":"Top 30 spanische Verben (mit Verbtabellen & Beispielen)"},{"@type":"BreadcrumbList","@id":"https:\/\/blog.busuu.com\/de\/spanische-konjugation\/#breadcrumb","itemListElement":[{"@type":"ListItem","position":1,"name":"Home","item":"https:\/\/blog.busuu.com\/de\/"},{"@type":"ListItem","position":2,"name":"Top 30 spanische Verben (mit Verbtabellen &#038; Beispielen)"}]},{"@type":"WebSite","@id":"https:\/\/blog.busuu.com\/de\/#website","url":"https:\/\/blog.busuu.com\/de\/","name":"Busuu Blog","description":"Busuu - the language learning community","publisher":{"@id":"https:\/\/blog.busuu.com\/de\/#organization"},"potentialAction":[{"@type":"SearchAction","target":{"@type":"EntryPoint","urlTemplate":"https:\/\/blog.busuu.com\/de\/?s={search_term_string}"},"query-input":"required name=search_term_string"}],"inLanguage":"de-DE"},{"@type":"Organization","@id":"https:\/\/blog.busuu.com\/de\/#organization","name":"Busuu Blog","url":"https:\/\/blog.busuu.com\/de\/","logo":{"@type":"ImageObject","inLanguage":"de-DE","@id":"https:\/\/blog.busuu.com\/de\/#\/schema\/logo\/image\/","url":"https:\/\/blog.busuu.com\/wp-content\/uploads\/2023\/11\/busuu-landscape-white-1-300x94-1.png","contentUrl":"https:\/\/blog.busuu.com\/wp-content\/uploads\/2023\/11\/busuu-landscape-white-1-300x94-1.png","width":300,"height":94,"caption":"Busuu Blog"},"image":{"@id":"https:\/\/blog.busuu.com\/de\/#\/schema\/logo\/image\/"}},{"@type":"Person","@id":"https:\/\/blog.busuu.com\/de\/#\/schema\/person\/5fdc2ff949c90baf8ee936137ffc51aa","name":"Arham Husain","image":{"@type":"ImageObject","inLanguage":"de-DE","@id":"https:\/\/blog.busuu.com\/de\/#\/schema\/person\/image\/","url":"https:\/\/secure.gravatar.com\/avatar\/b71eddd7693f9469640b47c5f89f575c?s=96&d=mm&r=g","contentUrl":"https:\/\/secure.gravatar.com\/avatar\/b71eddd7693f9469640b47c5f89f575c?s=96&d=mm&r=g","caption":"Arham Husain"},"description":"Arham Hussain is a Canadian writer, comedian and avid language learner currently based in New York City. Arham\u2019s first language is English, he\u2019s fluent in French, speaks some Irish, and is currently learning Japanese and Spanish. He loves dogs, iced coffee, and cooking experiments.","url":"https:\/\/blog.busuu.com\/de\/author\/arhamchegg-com\/"}]}},"_links":{"self":[{"href":"https:\/\/blog.busuu.com\/de\/wp-json\/wp\/v2\/posts\/21647"}],"collection":[{"href":"https:\/\/blog.busuu.com\/de\/wp-json\/wp\/v2\/posts"}],"about":[{"href":"https:\/\/blog.busuu.com\/de\/wp-json\/wp\/v2\/types\/post"}],"author":[{"embeddable":true,"href":"https:\/\/blog.busuu.com\/de\/wp-json\/wp\/v2\/users\/2"}],"replies":[{"embeddable":true,"href":"https:\/\/blog.busuu.com\/de\/wp-json\/wp\/v2\/comments?post=21647"}],"version-history":[{"count":0,"href":"https:\/\/blog.busuu.com\/de\/wp-json\/wp\/v2\/posts\/21647\/revisions"}],"wp:featuredmedia":[{"embeddable":true,"href":"https:\/\/blog.busuu.com\/de\/wp-json\/wp\/v2\/media\/25492"}],"wp:attachment":[{"href":"https:\/\/blog.busuu.com\/de\/wp-json\/wp\/v2\/media?parent=21647"}],"wp:term":[{"taxonomy":"category","embeddable":true,"href":"https:\/\/blog.busuu.com\/de\/wp-json\/wp\/v2\/categories?post=21647"},{"taxonomy":"post_tag","embeddable":true,"href":"https:\/\/blog.busuu.com\/de\/wp-json\/wp\/v2\/tags?post=21647"}],"curies":[{"name":"wp","href":"https:\/\/api.w.org\/{rel}","templated":true}]}}